{"id":751,"date":"2021-06-19T10:54:03","date_gmt":"2021-06-19T08:54:03","guid":{"rendered":"http:\/\/lesamisdesclochersduvieuxlille.com\/?p=751"},"modified":"2021-06-19T12:14:08","modified_gmt":"2021-06-19T10:14:08","slug":"une-plongee-numerique-dans-lintimite-des-bannieres","status":"publish","type":"post","link":"https:\/\/lesamisdesclochersduvieuxlille.com\/index.php\/2021\/06\/19\/une-plongee-numerique-dans-lintimite-des-bannieres\/","title":{"rendered":"Une plong\u00e9e num\u00e9rique dans l&rsquo;intimit\u00e9 des banni\u00e8res !"},"content":{"rendered":"\n<p>\u00c0 l&rsquo;occasion de l&rsquo;exposition <em>Tr\u00e9sor R\u00e9v\u00e9l\u00e9. Processions et grandes f\u00eates \u00e0 Lille<\/em>, qui se tient du 16 juin au 19 septembre \u00e0 l&rsquo;\u00e9glise Saint-Andr\u00e9 de Lille, Les Amis des Clochers du Vieux-Lille vous proposent d&rsquo;entre dans \u00ab\u00a0L&rsquo;atelier des banni\u00e8res\u00a0\u00bb.<\/p>\n\n\n\n<p>Cet outil num\u00e9rique a \u00e9t\u00e9 sp\u00e9cialement cr\u00e9\u00e9 pour l&rsquo;occasion et vous propose une plong\u00e9e in\u00e9dite dans l&rsquo;intimit\u00e9 des banni\u00e8res de l&rsquo;exposition. D\u00e9couvrez leur histoire, explorez leurs d\u00e9tails et entrez dans leur vie palpitante !<\/p>\n\n\n\n<p>Bonne visite !<\/p>\n\n\n\n<div class=\"container-wrapper-genially\" style=\"position: relative; min-height: 400px; max-width: 100%;\"><video class=\"loader-genially\" autoplay=\"autoplay\" loop=\"loop\" playsinline=\"playsInline\" muted=\"muted\" style=\"position: absolute;top: 45%;left: 50%;transform: translate(-50%, -50%);width: 80px;height: 80px;margin-bottom: 10%\"><source src=\"https:\/\/static.genial.ly\/resources\/panel-loader-low.mp4\" type=\"video\/mp4\" \/>Your browser does not support the video tag.<\/video><div id=\"5e79d9a317b0f90dfb8ae2ff\" class=\"genially-embed\" style=\"margin: 0px auto; position: relative; height: auto; width: 100%;\"><\/div><\/div><script>(function (d) { var js, id = \"genially-embed-js\", ref = d.getElementsByTagName(\"script\")[0]; if (d.getElementById(id)) { return; } js = d.createElement(\"script\"); js.id = id; js.async = true; js.src = \"https:\/\/view.genial.ly\/static\/embed\/embed.js\"; ref.parentNode.insertBefore(js, ref); }(document));<\/script>\n","protected":false},"excerpt":{"rendered":"<p>\u00c0 l&rsquo;occasion de l&rsquo;exposition Tr\u00e9sor R\u00e9v\u00e9l\u00e9. Processions et grandes f\u00eates \u00e0 Lille, qui se tient du 16 juin au 19 septembre \u00e0 l&rsquo;\u00e9glise Saint-Andr\u00e9 de Lille, Les Amis des Clochers du Vieux-Lille vous proposent d&rsquo;entre dans \u00ab\u00a0L&rsquo;atelier des banni\u00e8res\u00a0\u00bb. Cet outil num\u00e9rique a \u00e9t\u00e9 sp\u00e9cialement cr\u00e9\u00e9 pour l&rsquo;occasion et vous propose une plong\u00e9e in\u00e9dite dans <a class=\"more-link\" href=\"https:\/\/lesamisdesclochersduvieuxlille.com\/index.php\/2021\/06\/19\/une-plongee-numerique-dans-lintimite-des-bannieres\/\">Lire plus &#8230;<\/a><\/p>\n","protected":false},"author":1,"featured_media":0,"comment_status":"open","ping_status":"open","sticky":false,"template":"","format":"standard","meta":[],"categories":[1],"tags":[],"_links":{"self":[{"href":"https:\/\/lesamisdesclochersduvieuxlille.com\/index.php\/wp-json\/wp\/v2\/posts\/751"}],"collection":[{"href":"https:\/\/lesamisdesclochersduvieuxlille.com\/index.php\/wp-json\/wp\/v2\/posts"}],"about":[{"href":"https:\/\/lesamisdesclochersduvieuxlille.com\/index.php\/wp-json\/wp\/v2\/types\/post"}],"author":[{"embeddable":true,"href":"https:\/\/lesamisdesclochersduvieuxlille.com\/index.php\/wp-json\/wp\/v2\/users\/1"}],"replies":[{"embeddable":true,"href":"https:\/\/lesamisdesclochersduvieuxlille.com\/index.php\/wp-json\/wp\/v2\/comments?post=751"}],"version-history":[{"count":2,"href":"https:\/\/lesamisdesclochersduvieuxlille.com\/index.php\/wp-json\/wp\/v2\/posts\/751\/revisions"}],"predecessor-version":[{"id":763,"href":"https:\/\/lesamisdesclochersduvieuxlille.com\/index.php\/wp-json\/wp\/v2\/posts\/751\/revisions\/763"}],"wp:attachment":[{"href":"https:\/\/lesamisdesclochersduvieuxlille.com\/index.php\/wp-json\/wp\/v2\/media?parent=751"}],"wp:term":[{"taxonomy":"category","embeddable":true,"href":"https:\/\/lesamisdesclochersduvieuxlille.com\/index.php\/wp-json\/wp\/v2\/categories?post=751"},{"taxonomy":"post_tag","embeddable":true,"href":"https:\/\/lesamisdesclochersduvieuxlille.com\/index.php\/wp-json\/wp\/v2\/tags?post=751"}],"curies":[{"name":"wp","href":"https:\/\/api.w.org\/{rel}","templated":true}]}}