{"id":363,"date":"2019-05-26T22:16:54","date_gmt":"2019-05-26T20:16:54","guid":{"rendered":"http:\/\/lesamisdesclochersduvieuxlille.com\/?p=363"},"modified":"2019-05-26T22:16:55","modified_gmt":"2019-05-26T20:16:55","slug":"la-nuit-de-sainte-catherine","status":"publish","type":"post","link":"https:\/\/lesamisdesclochersduvieuxlille.com\/index.php\/2019\/05\/26\/la-nuit-de-sainte-catherine\/","title":{"rendered":"La Nuit de Sainte Catherine"},"content":{"rendered":"\n<figure class=\"wp-block-image\"><img loading=\"lazy\" width=\"684\" height=\"1024\" src=\"http:\/\/lesamisdesclochersduvieuxlille.com\/wp-content\/uploads\/2019\/05\/EXPOSITION_CONCERT-LA-NUIT-DE-SAINTE-CATHERINE-27-JUIN-684x1024.jpg\" alt=\"Affiche exposition et concert du 27 juin 2019\" class=\"wp-image-364\" srcset=\"https:\/\/lesamisdesclochersduvieuxlille.com\/wp-content\/uploads\/2019\/05\/EXPOSITION_CONCERT-LA-NUIT-DE-SAINTE-CATHERINE-27-JUIN-684x1024.jpg 684w, https:\/\/lesamisdesclochersduvieuxlille.com\/wp-content\/uploads\/2019\/05\/EXPOSITION_CONCERT-LA-NUIT-DE-SAINTE-CATHERINE-27-JUIN-200x300.jpg 200w, https:\/\/lesamisdesclochersduvieuxlille.com\/wp-content\/uploads\/2019\/05\/EXPOSITION_CONCERT-LA-NUIT-DE-SAINTE-CATHERINE-27-JUIN-768x1149.jpg 768w, https:\/\/lesamisdesclochersduvieuxlille.com\/wp-content\/uploads\/2019\/05\/EXPOSITION_CONCERT-LA-NUIT-DE-SAINTE-CATHERINE-27-JUIN.jpg 1110w\" sizes=\"(max-width: 684px) 100vw, 684px\" \/><figcaption>Concert caritatif du 27 juin 2019<\/figcaption><\/figure>\n\n\n\n<p>\n\nConcert avec la Soprano St\u00e9phanie d&rsquo;Oustrac sous la Direction Artistique de Nicolas Kruger et la Pr\u00e9sidence d&rsquo;Honneur de Jean Claude Casadesus.<\/p>\n\n\n\n<p>Autre invit\u00e9 de marque, le graffeur JonOne qui a expos\u00e9 \u00e0 Tokyo, Monaco, New York ou Hongkong, aujourd&rsquo;hui consid\u00e9r\u00e9 comme le plus important expressionniste abstrait en activit\u00e9 <\/p>\n\n\n\n<p>Pour acheter vos billets :  <a href=\"https:\/\/www.weezevent.com\/nuit-de-sainte-catherine-jeudi-27-juin-2019\">https:\/\/www.weezevent.com\/nuit-de-sainte-catherine-jeudi-27-juin-2019<\/a> <\/p>\n\n\n\n<p><\/p>\n\n\n\n<p><\/p>\n","protected":false},"excerpt":{"rendered":"<p>Concert avec la Soprano St\u00e9phanie d&rsquo;Oustrac sous la Direction Artistique de Nicolas Kruger et la Pr\u00e9sidence d&rsquo;Honneur de Jean Claude Casadesus. Autre invit\u00e9 de marque, le graffeur JonOne qui a expos\u00e9 \u00e0 Tokyo, Monaco, New York ou Hongkong, aujourd&rsquo;hui consid\u00e9r\u00e9 comme le plus important expressionniste abstrait en activit\u00e9 Pour acheter vos billets : https:\/\/www.weezevent.com\/nuit-de-sainte-catherine-jeudi-27-juin-2019<\/p>\n","protected":false},"author":1,"featured_media":0,"comment_status":"open","ping_status":"open","sticky":false,"template":"","format":"standard","meta":[],"categories":[1],"tags":[],"_links":{"self":[{"href":"https:\/\/lesamisdesclochersduvieuxlille.com\/index.php\/wp-json\/wp\/v2\/posts\/363"}],"collection":[{"href":"https:\/\/lesamisdesclochersduvieuxlille.com\/index.php\/wp-json\/wp\/v2\/posts"}],"about":[{"href":"https:\/\/lesamisdesclochersduvieuxlille.com\/index.php\/wp-json\/wp\/v2\/types\/post"}],"author":[{"embeddable":true,"href":"https:\/\/lesamisdesclochersduvieuxlille.com\/index.php\/wp-json\/wp\/v2\/users\/1"}],"replies":[{"embeddable":true,"href":"https:\/\/lesamisdesclochersduvieuxlille.com\/index.php\/wp-json\/wp\/v2\/comments?post=363"}],"version-history":[{"count":2,"href":"https:\/\/lesamisdesclochersduvieuxlille.com\/index.php\/wp-json\/wp\/v2\/posts\/363\/revisions"}],"predecessor-version":[{"id":366,"href":"https:\/\/lesamisdesclochersduvieuxlille.com\/index.php\/wp-json\/wp\/v2\/posts\/363\/revisions\/366"}],"wp:attachment":[{"href":"https:\/\/lesamisdesclochersduvieuxlille.com\/index.php\/wp-json\/wp\/v2\/media?parent=363"}],"wp:term":[{"taxonomy":"category","embeddable":true,"href":"https:\/\/lesamisdesclochersduvieuxlille.com\/index.php\/wp-json\/wp\/v2\/categories?post=363"},{"taxonomy":"post_tag","embeddable":true,"href":"https:\/\/lesamisdesclochersduvieuxlille.com\/index.php\/wp-json\/wp\/v2\/tags?post=363"}],"curies":[{"name":"wp","href":"https:\/\/api.w.org\/{rel}","templated":true}]}}