{"id":356,"date":"2019-05-26T22:07:39","date_gmt":"2019-05-26T20:07:39","guid":{"rendered":"http:\/\/lesamisdesclochersduvieuxlille.com\/?p=356"},"modified":"2019-05-26T22:07:40","modified_gmt":"2019-05-26T20:07:40","slug":"concert-on-coulisse-de-lorchestre-chambre-a-part","status":"publish","type":"post","link":"https:\/\/lesamisdesclochersduvieuxlille.com\/index.php\/2019\/05\/26\/concert-on-coulisse-de-lorchestre-chambre-a-part\/","title":{"rendered":"Concert \u00ab On coulisse \u00bb de l\u2019orchestre Chambre \u00e0 part"},"content":{"rendered":"\n<figure class=\"wp-block-image\"><img loading=\"lazy\" width=\"700\" height=\"500\" src=\"http:\/\/lesamisdesclochersduvieuxlille.com\/wp-content\/uploads\/2019\/05\/ACVL-chambre-a-part-20190630-1.png\" alt=\"Affiche du concert du 30 juin 2019 \u00e0 16h\" class=\"wp-image-359\" srcset=\"https:\/\/lesamisdesclochersduvieuxlille.com\/wp-content\/uploads\/2019\/05\/ACVL-chambre-a-part-20190630-1.png 700w, https:\/\/lesamisdesclochersduvieuxlille.com\/wp-content\/uploads\/2019\/05\/ACVL-chambre-a-part-20190630-1-300x214.png 300w\" sizes=\"(max-width: 700px) 100vw, 700px\" \/><figcaption>Concert \u00e0 l&rsquo;\u00e9glise Saint Andr\u00e9 le 30 juin 2019 \u00e0 16h<\/figcaption><\/figure>\n\n\n\n<p>\n\nConcert \u00ab\u00a0On coulisse\u00a0\u00bb<\/p>\n\n\n\n<p>Faisant conna\u00eetre la richesse d\u2019un r\u00e9pertoire musical qui favorise la transmission directe des \u00e9motions, les concerts de Chambre \u00e0 part lient, dans un moment d\u2019\u00e9change privil\u00e9gi\u00e9, auditeurs et interpr\u00e8tes. <\/p>\n\n\n\n<p>Programme :<br>Antonio Vivaldi \u00ab Al Santo Sepolcro \u00bb pour quatuor \u00e0 corde<br>Gregory van der Struik Concerto pour trombone basse et quatuor<br>Peteris Vasks Quatuor \u00e0 cordes no 2 \u00ab Airs d\u2019\u00e9t\u00e9 \u00bb<br>Alessandro Marcello Concerto no 2 pour trombone basse et quatuor<\/p>\n\n\n\n<p>Billetterie sur place 30 minutes avant le concert (ch\u00e8ques et esp\u00e8ces uniquement)<\/p>\n\n\n\n<p>Plein tarif : 12 \u20ac      <br>Tarif r\u00e9duit : 6 \u20ac (12-25 ans, demandeur d\u2019emploi)<br>Gratuit : moins de 12 ans et jusqu\u2019\u00e0 16 ans pour les \u00e9l\u00e8ves des \u00e9coles de musique<\/p>\n\n\n\n<p>En carnet (billet unitaire non nominatif, valable sur deux saisons) :<br>Libert\u00e9  : 48 \u20ac &#8211; 6 concerts<br>Int\u00e9grale : 133 \u20ac &#8211; 19 concerts<\/p>\n\n\n\n<p>Pour en savoir plus : <a rel=\"noreferrer noopener\" target=\"_blank\" href=\"https:\/\/l.facebook.com\/l.php?u=http%3A%2F%2Fchambreapart.hautetfort.com%2F%3Ffbclid%3DIwAR18eDQASCoPfTSW3rk1-197zFIWRmK_snmWEbmQyUlv_r8Y7sM5QT66GZE&amp;h=AT2H1y6rggVaXn1auVtMop6TKWqQtRMtPX_Gvc_fb2JkZMJpGy6UD-dUJcpdXir_q3itr28mWJuKrCaItMTmZznwPDoQMkamXrxW-3WFcMsbvSI31yBn9S11uQ8bV73iqw\">http:\/\/chambreapart.hautetfort.com<\/a> et  <a href=\"https:\/\/www.facebook.com\/events\/370940306885348\/\">https:\/\/www.facebook.com\/events\/370940306885348\/<\/a> <\/p>\n","protected":false},"excerpt":{"rendered":"<p>Concert \u00ab\u00a0On coulisse\u00a0\u00bb Faisant conna\u00eetre la richesse d\u2019un r\u00e9pertoire musical qui favorise la transmission directe des \u00e9motions, les concerts de Chambre \u00e0 part lient, dans un moment d\u2019\u00e9change privil\u00e9gi\u00e9, auditeurs et interpr\u00e8tes. Programme :Antonio Vivaldi \u00ab Al Santo Sepolcro \u00bb pour quatuor \u00e0 cordeGregory van der Struik Concerto pour trombone basse et quatuorPeteris Vasks Quatuor <a class=\"more-link\" href=\"https:\/\/lesamisdesclochersduvieuxlille.com\/index.php\/2019\/05\/26\/concert-on-coulisse-de-lorchestre-chambre-a-part\/\">Lire plus &#8230;<\/a><\/p>\n","protected":false},"author":1,"featured_media":0,"comment_status":"open","ping_status":"open","sticky":false,"template":"","format":"link","meta":[],"categories":[8],"tags":[],"_links":{"self":[{"href":"https:\/\/lesamisdesclochersduvieuxlille.com\/index.php\/wp-json\/wp\/v2\/posts\/356"}],"collection":[{"href":"https:\/\/lesamisdesclochersduvieuxlille.com\/index.php\/wp-json\/wp\/v2\/posts"}],"about":[{"href":"https:\/\/lesamisdesclochersduvieuxlille.com\/index.php\/wp-json\/wp\/v2\/types\/post"}],"author":[{"embeddable":true,"href":"https:\/\/lesamisdesclochersduvieuxlille.com\/index.php\/wp-json\/wp\/v2\/users\/1"}],"replies":[{"embeddable":true,"href":"https:\/\/lesamisdesclochersduvieuxlille.com\/index.php\/wp-json\/wp\/v2\/comments?post=356"}],"version-history":[{"count":2,"href":"https:\/\/lesamisdesclochersduvieuxlille.com\/index.php\/wp-json\/wp\/v2\/posts\/356\/revisions"}],"predecessor-version":[{"id":360,"href":"https:\/\/lesamisdesclochersduvieuxlille.com\/index.php\/wp-json\/wp\/v2\/posts\/356\/revisions\/360"}],"wp:attachment":[{"href":"https:\/\/lesamisdesclochersduvieuxlille.com\/index.php\/wp-json\/wp\/v2\/media?parent=356"}],"wp:term":[{"taxonomy":"category","embeddable":true,"href":"https:\/\/lesamisdesclochersduvieuxlille.com\/index.php\/wp-json\/wp\/v2\/categories?post=356"},{"taxonomy":"post_tag","embeddable":true,"href":"https:\/\/lesamisdesclochersduvieuxlille.com\/index.php\/wp-json\/wp\/v2\/tags?post=356"}],"curies":[{"name":"wp","href":"https:\/\/api.w.org\/{rel}","templated":true}]}}