{"id":350,"date":"2019-05-26T12:27:08","date_gmt":"2019-05-26T10:27:08","guid":{"rendered":"http:\/\/lesamisdesclochersduvieuxlille.com\/?p=350"},"modified":"2020-11-03T15:28:28","modified_gmt":"2020-11-03T14:28:28","slug":"concert-le-pretre-roux-de-lorchestre-chambre-a-part","status":"publish","type":"post","link":"https:\/\/lesamisdesclochersduvieuxlille.com\/index.php\/2019\/05\/26\/concert-le-pretre-roux-de-lorchestre-chambre-a-part\/","title":{"rendered":"Concert \u00ab\u00a0Le pr\u00eatre roux\u00a0\u00bb de l&rsquo;orchestre Chambre \u00e0 part"},"content":{"rendered":"\n<figure class=\"wp-block-image\"><a href=\"https:\/\/www.facebook.com\/events\/371643116801461\/?notif_t=event_calendar_create&amp;notif_id=1558862497178657\" target=\"_blank\" rel=\"noreferrer noopener\"><img loading=\"lazy\" width=\"700\" height=\"500\" src=\"http:\/\/lesamisdesclochersduvieuxlille.com\/wp-content\/uploads\/2019\/05\/ACVL-chambre-a-part-20190623.png\" alt=\"Concert \u00e0 l'\u00e9glise Sainte Catherine \u00e0 Lille avec Chambre \u00e0 part, le 23 juin 2019 \u00e0 16h\" class=\"wp-image-351\" srcset=\"https:\/\/lesamisdesclochersduvieuxlille.com\/wp-content\/uploads\/2019\/05\/ACVL-chambre-a-part-20190623.png 700w, https:\/\/lesamisdesclochersduvieuxlille.com\/wp-content\/uploads\/2019\/05\/ACVL-chambre-a-part-20190623-300x214.png 300w\" sizes=\"(max-width: 700px) 100vw, 700px\" \/><\/a><figcaption>Concert \u00e0 l&rsquo;\u00e9glise Sainte Catherine \u00e0 Lille avec Chambre \u00e0 part !<\/figcaption><\/figure>\n\n\n\n<p>Concert \u00ab\u00a0Le pr\u00eatre roux\u00a0\u00bb<\/p>\n\n\n\n<p>Faisant conna\u00eetre la richesse d\u2019un r\u00e9pertoire musical qui favorise la transmission directe des \u00e9motions, les concerts de Chambre \u00e0 part lient, dans un moment d\u2019\u00e9change privil\u00e9gi\u00e9, auditeurs et interpr\u00e8tes.<\/p>\n\n\n\n<p>Au programme de ce concert :<br>Antonio Vivaldi Concerto pour basson<br>Tommaso Albinoni Concerto pour hautbois<br>Antonio Vivaldi Concerto pour hautbois<br>Georg Friedrich Haendel Double concerto pour basson et hautbois<\/p>\n\n\n\n<p>Avec les musiciens :<br>Cyril Ciabaud hautbois&nbsp;<br>Ana\u00efs Reyes basson&nbsp;<br>Filipo Marano violon&nbsp;<br>Delphine Der Avedisyan violon&nbsp;<br>Ermengarde Aubrun alto&nbsp;<br>Rapha\u00ebl Zekri violoncelle<br>Kasia Tomczak-Feltrin clavecin<\/p>\n\n\n\n<p>Billetterie sur place 30 minutes avant le concert (ch\u00e8ques et esp\u00e8ces uniquement)<\/p>\n\n\n\n<p>Plein tarif : 12 \u20ac&nbsp;<br>Tarif r\u00e9duit : 6 \u20ac (12-25 ans, demandeur d\u2019emploi)<br>Gratuit : moins de 12 ans et jusqu\u2019\u00e0 16 ans pour les \u00e9l\u00e8ves des \u00e9coles de musique<\/p>\n\n\n\n<p>En carnet (billet unitaire non nominatif, valable sur deux saisons) :<br>Libert\u00e9 : 48 \u20ac &#8211; 6 concerts<br>Int\u00e9grale : 133 \u20ac &#8211; 19 concerts<\/p>\n\n\n\n<p>Pour en savoir plus :&nbsp;<a rel=\"noreferrer noopener\" href=\"http:\/\/chambreapart.hautetfort.com\/?fbclid=IwAR2NXDqLRrUHfXEd2rzievzpg_-0vsmj5NRTK3hqWDgDXS27cQHIKP9A6a4\" target=\"_blank\">http:\/\/chambreapart.hautetfort.com<\/a> et  <a href=\"https:\/\/www.facebook.com\/events\/371643116801461\/\">https:\/\/www.facebook.com\/events\/371643116801461\/<\/a> <\/p>\n","protected":false},"excerpt":{"rendered":"<p>Concert \u00ab\u00a0Le pr\u00eatre roux\u00a0\u00bb Faisant conna\u00eetre la richesse d\u2019un r\u00e9pertoire musical qui favorise la transmission directe des \u00e9motions, les concerts de Chambre \u00e0 part lient, dans un moment d\u2019\u00e9change privil\u00e9gi\u00e9, auditeurs et interpr\u00e8tes. Au programme de ce concert :Antonio Vivaldi Concerto pour bassonTommaso Albinoni Concerto pour hautboisAntonio Vivaldi Concerto pour hautboisGeorg Friedrich Haendel Double concerto <a class=\"more-link\" href=\"https:\/\/lesamisdesclochersduvieuxlille.com\/index.php\/2019\/05\/26\/concert-le-pretre-roux-de-lorchestre-chambre-a-part\/\">Lire plus &#8230;<\/a><\/p>\n","protected":false},"author":1,"featured_media":0,"comment_status":"open","ping_status":"open","sticky":false,"template":"","format":"standard","meta":[],"categories":[8],"tags":[],"_links":{"self":[{"href":"https:\/\/lesamisdesclochersduvieuxlille.com\/index.php\/wp-json\/wp\/v2\/posts\/350"}],"collection":[{"href":"https:\/\/lesamisdesclochersduvieuxlille.com\/index.php\/wp-json\/wp\/v2\/posts"}],"about":[{"href":"https:\/\/lesamisdesclochersduvieuxlille.com\/index.php\/wp-json\/wp\/v2\/types\/post"}],"author":[{"embeddable":true,"href":"https:\/\/lesamisdesclochersduvieuxlille.com\/index.php\/wp-json\/wp\/v2\/users\/1"}],"replies":[{"embeddable":true,"href":"https:\/\/lesamisdesclochersduvieuxlille.com\/index.php\/wp-json\/wp\/v2\/comments?post=350"}],"version-history":[{"count":4,"href":"https:\/\/lesamisdesclochersduvieuxlille.com\/index.php\/wp-json\/wp\/v2\/posts\/350\/revisions"}],"predecessor-version":[{"id":692,"href":"https:\/\/lesamisdesclochersduvieuxlille.com\/index.php\/wp-json\/wp\/v2\/posts\/350\/revisions\/692"}],"wp:attachment":[{"href":"https:\/\/lesamisdesclochersduvieuxlille.com\/index.php\/wp-json\/wp\/v2\/media?parent=350"}],"wp:term":[{"taxonomy":"category","embeddable":true,"href":"https:\/\/lesamisdesclochersduvieuxlille.com\/index.php\/wp-json\/wp\/v2\/categories?post=350"},{"taxonomy":"post_tag","embeddable":true,"href":"https:\/\/lesamisdesclochersduvieuxlille.com\/index.php\/wp-json\/wp\/v2\/tags?post=350"}],"curies":[{"name":"wp","href":"https:\/\/api.w.org\/{rel}","templated":true}]}}