{"id":343,"date":"2018-06-19T21:44:54","date_gmt":"2018-06-19T19:44:54","guid":{"rendered":"http:\/\/lesamisdesclochersduvieuxlille.com\/?p=343"},"modified":"2018-06-19T21:46:57","modified_gmt":"2018-06-19T19:46:57","slug":"concert-la-chapelle-des-flandres-23-juin-2018","status":"publish","type":"post","link":"https:\/\/lesamisdesclochersduvieuxlille.com\/index.php\/2018\/06\/19\/concert-la-chapelle-des-flandres-23-juin-2018\/","title":{"rendered":"Concert la Chapelle des Flandres &#8211; 23 juin 2018"},"content":{"rendered":"<p>GUERRE ET PAIX<br \/>\n2018 marquera la c\u00e9l\u00e9bration de la fin de la Grande Guerre et de<br \/>\nla paix, certes fragile, qui la suivit.<br \/>\nEmpruntant son titre au c\u00e9l\u00e8bre roman de Tolsto\u00ef&rsquo;, \u00ab\u00a0Guerre et Paix\u00a0\u00bb,<br \/>\nest un floril\u00e8ge d\u2019\u0153uvres de la Renaissance et de l&rsquo;\u00e9poque<br \/>\ncontemporaine dont l&rsquo;inspiration est puis\u00e9e dans les batailles, les<br \/>\nlamentations, mais aussi dans l&rsquo;espoir et la paix<br \/>\n\u0152UVRES DE MORALES, JANEQUIN, VICTORIA,<br \/>\nBERNSTEIN, KNAGGS, P\u00c2RT&#8230; <\/p>\n<p>Choeur C\u0152LI ET TERRA<br \/>\nDirection : FRAN\u00c7OIS GRENIER <\/p>\n<p>Libre participation aux frais <\/p>\n<p>Plus de renseignement : wvwv.lachapelledesflandres.fr<\/p>\n<p><iframe loading=\"lazy\" src=\"https:\/\/www.facebook.com\/plugins\/post.php?href=https%3A%2F%2Fwww.facebook.com%2Flesamisdesclochersduvieuxlille%2Fposts%2F1028688027282731&#038;width=500\" width=\"500\" height=\"488\" style=\"border:none;overflow:hidden\" scrolling=\"no\" frameborder=\"0\" allowTransparency=\"true\" allow=\"encrypted-media\"><\/iframe><\/p>\n","protected":false},"excerpt":{"rendered":"<p>GUERRE ET PAIX 2018 marquera la c\u00e9l\u00e9bration de la fin de la Grande Guerre et de la paix, certes fragile, qui la suivit. Empruntant son titre au c\u00e9l\u00e8bre roman de Tolsto\u00ef&rsquo;, \u00ab\u00a0Guerre et Paix\u00a0\u00bb, est un floril\u00e8ge d\u2019\u0153uvres de la Renaissance et de l&rsquo;\u00e9poque contemporaine dont l&rsquo;inspiration est puis\u00e9e dans les batailles, les lamentations, mais <a class=\"more-link\" href=\"https:\/\/lesamisdesclochersduvieuxlille.com\/index.php\/2018\/06\/19\/concert-la-chapelle-des-flandres-23-juin-2018\/\">Lire plus &#8230;<\/a><\/p>\n","protected":false},"author":1,"featured_media":0,"comment_status":"open","ping_status":"open","sticky":false,"template":"","format":"standard","meta":[],"categories":[8],"tags":[],"_links":{"self":[{"href":"https:\/\/lesamisdesclochersduvieuxlille.com\/index.php\/wp-json\/wp\/v2\/posts\/343"}],"collection":[{"href":"https:\/\/lesamisdesclochersduvieuxlille.com\/index.php\/wp-json\/wp\/v2\/posts"}],"about":[{"href":"https:\/\/lesamisdesclochersduvieuxlille.com\/index.php\/wp-json\/wp\/v2\/types\/post"}],"author":[{"embeddable":true,"href":"https:\/\/lesamisdesclochersduvieuxlille.com\/index.php\/wp-json\/wp\/v2\/users\/1"}],"replies":[{"embeddable":true,"href":"https:\/\/lesamisdesclochersduvieuxlille.com\/index.php\/wp-json\/wp\/v2\/comments?post=343"}],"version-history":[{"count":3,"href":"https:\/\/lesamisdesclochersduvieuxlille.com\/index.php\/wp-json\/wp\/v2\/posts\/343\/revisions"}],"predecessor-version":[{"id":347,"href":"https:\/\/lesamisdesclochersduvieuxlille.com\/index.php\/wp-json\/wp\/v2\/posts\/343\/revisions\/347"}],"wp:attachment":[{"href":"https:\/\/lesamisdesclochersduvieuxlille.com\/index.php\/wp-json\/wp\/v2\/media?parent=343"}],"wp:term":[{"taxonomy":"category","embeddable":true,"href":"https:\/\/lesamisdesclochersduvieuxlille.com\/index.php\/wp-json\/wp\/v2\/categories?post=343"},{"taxonomy":"post_tag","embeddable":true,"href":"https:\/\/lesamisdesclochersduvieuxlille.com\/index.php\/wp-json\/wp\/v2\/tags?post=343"}],"curies":[{"name":"wp","href":"https:\/\/api.w.org\/{rel}","templated":true}]}}