{"id":137,"date":"2017-05-23T13:18:34","date_gmt":"2017-05-23T11:18:34","guid":{"rendered":"http:\/\/lesamisdesclochersduvieuxlille.com\/?p=137"},"modified":"2017-05-23T13:18:34","modified_gmt":"2017-05-23T11:18:34","slug":"concert-du-groupe-coeli-terra","status":"publish","type":"post","link":"https:\/\/lesamisdesclochersduvieuxlille.com\/index.php\/2017\/05\/23\/concert-du-groupe-coeli-terra\/","title":{"rendered":"Concert du groupe Coeli &#038; Terra"},"content":{"rendered":"<h1>MONTEVERDI 450<\/h1>\n<h2>Le madrigal dans tous ses \u00e9tats<\/h2>\n<h3>Madrigaux des XVIe, XVIIe et XXe si\u00e8cles<\/h3>\n<div class=\"chapo\">\n<p>2017 marquera le 450<sup>\u00e8me<\/sup> anniversaire de la naissance de Claudio Monteverdi, inventeur de l\u2019op\u00e9ra et compositeur de g\u00e9nie&#8230;<\/p>\n<\/div>\n<div class=\"texte\">\n<p>\u00c0 cette occasion, C\u0153li et Terra en grand effectif vous propose un concert <i>a cappella<\/i> sous la direction de Fran\u00e7ois Grenier\u00a0:<br \/>\n<b>Le madrigal dans tous ses \u00e9tats\u00a0: Madrigaux des XVIe, XVIIe et XXe si\u00e8cles.<\/b><br \/>\nVous entendrez un floril\u00e8ge de madrigaux de Monteverdi mais aussi de ceux qui l\u2019ont influenc\u00e9 (Ingegneri, de Wert), qu\u2019il influen\u00e7a en son temps (D\u2019India) ou m\u00eame de nos jours (Lauridsen)\u00a0!!<br \/>\nSans aucun doute, une musique qui risque de vous mettre &#8230; dans tous vos \u00e9tats\u00a0!<\/p>\n<\/div>\n<div class=\"ps\">\n<p>Concert donn\u00e9 en l\u2019<a href=\"http:\/\/tools.wmflabs.org\/geohack\/geohack.php?language=fr&amp;pagename=%C3%89glise_Sainte-Catherine_de_Lille&amp;params=50.639306_N_3.056778_E_type:landmark\" target=\"_blank\" rel=\"noopener noreferrer\">\u00e9glise sainte Catherine de Lille<\/a>, le samedi 17 juin \u00e0 21h.<br class=\"autobr\" \/>Libre participation aux frais en faveur des musiciens.<\/p>\n<\/div>\n<p>Retrouvez l&rsquo;annonce sur notre page <a href=\"https:\/\/www.facebook.com\/events\/1772159233095030\/?acontext=%7B%22ref%22%3A%223%22%2C%22ref_newsfeed_story_type%22%3A%22regular%22%2C%22feed_story_type%22%3A%22117%22%2C%22action_history%22%3A%22null%22%7D\">Facebook <\/a>!<\/p>\n","protected":false},"excerpt":{"rendered":"<p>MONTEVERDI 450 Le madrigal dans tous ses \u00e9tats Madrigaux des XVIe, XVIIe et XXe si\u00e8cles 2017 marquera le 450\u00e8me anniversaire de la naissance de Claudio Monteverdi, inventeur de l\u2019op\u00e9ra et compositeur de g\u00e9nie&#8230; \u00c0 cette occasion, C\u0153li et Terra en grand effectif vous propose un concert a cappella sous la direction de Fran\u00e7ois Grenier\u00a0: Le <a class=\"more-link\" href=\"https:\/\/lesamisdesclochersduvieuxlille.com\/index.php\/2017\/05\/23\/concert-du-groupe-coeli-terra\/\">Lire plus &#8230;<\/a><\/p>\n","protected":false},"author":1,"featured_media":138,"comment_status":"open","ping_status":"open","sticky":false,"template":"","format":"standard","meta":[],"categories":[8],"tags":[],"_links":{"self":[{"href":"https:\/\/lesamisdesclochersduvieuxlille.com\/index.php\/wp-json\/wp\/v2\/posts\/137"}],"collection":[{"href":"https:\/\/lesamisdesclochersduvieuxlille.com\/index.php\/wp-json\/wp\/v2\/posts"}],"about":[{"href":"https:\/\/lesamisdesclochersduvieuxlille.com\/index.php\/wp-json\/wp\/v2\/types\/post"}],"author":[{"embeddable":true,"href":"https:\/\/lesamisdesclochersduvieuxlille.com\/index.php\/wp-json\/wp\/v2\/users\/1"}],"replies":[{"embeddable":true,"href":"https:\/\/lesamisdesclochersduvieuxlille.com\/index.php\/wp-json\/wp\/v2\/comments?post=137"}],"version-history":[{"count":2,"href":"https:\/\/lesamisdesclochersduvieuxlille.com\/index.php\/wp-json\/wp\/v2\/posts\/137\/revisions"}],"predecessor-version":[{"id":140,"href":"https:\/\/lesamisdesclochersduvieuxlille.com\/index.php\/wp-json\/wp\/v2\/posts\/137\/revisions\/140"}],"wp:featuredmedia":[{"embeddable":true,"href":"https:\/\/lesamisdesclochersduvieuxlille.com\/index.php\/wp-json\/wp\/v2\/media\/138"}],"wp:attachment":[{"href":"https:\/\/lesamisdesclochersduvieuxlille.com\/index.php\/wp-json\/wp\/v2\/media?parent=137"}],"wp:term":[{"taxonomy":"category","embeddable":true,"href":"https:\/\/lesamisdesclochersduvieuxlille.com\/index.php\/wp-json\/wp\/v2\/categories?post=137"},{"taxonomy":"post_tag","embeddable":true,"href":"https:\/\/lesamisdesclochersduvieuxlille.com\/index.php\/wp-json\/wp\/v2\/tags?post=137"}],"curies":[{"name":"wp","href":"https:\/\/api.w.org\/{rel}","templated":true}]}}